{"id":1277,"date":"2025-05-21T09:46:15","date_gmt":"2025-05-21T09:46:15","guid":{"rendered":"https:\/\/zspnowabrzeznica.pl\/?p=1277"},"modified":"2025-05-21T09:54:11","modified_gmt":"2025-05-21T09:54:11","slug":"powiatowy-konkurs-matematyczny-wokol-liczby-pi-w-pajecznie","status":"publish","type":"post","link":"https:\/\/zspnowabrzeznica.pl\/index.php\/2025\/05\/21\/powiatowy-konkurs-matematyczny-wokol-liczby-pi-w-pajecznie\/","title":{"rendered":"Powiatowy konkurs Matematyczny \u201eWok\u00f3\u0142 Liczby Pi\u201d w Paj\u0119cznie"},"content":{"rendered":"\n<p>12 marca 2025 r. uczniowie naszej szko\u0142y wzi\u0119li udzia\u0142 w Powiatowym Konkursie Matematycznym \u201eWok\u00f3\u0142 Liczby \u03c0\u201d, kt\u00f3ry odby\u0142 si\u0119 w Zespole Szk\u00f3\u0142 im. H. Sienkiewicza w Paj\u0119cznie pod honorowym patronatem Starosty Powiatu Paj\u0119cza\u0144skiego. Wzi\u0119li w nim udzia\u0142 uczniowie ze szk\u00f3\u0142 podstawowych powiatu paj\u0119cza\u0144skiego: z Bia\u0142ej, Nowej Brze\u017anicy, Sulmierzyc, Dzia\u0142oszyna, Paj\u0119czna oraz uczniowie szk\u00f3\u0142 \u015brednich z Dzia\u0142oszyna i Paj\u0119czna. \u0141\u0105cznie 35 uczni\u00f3w zmierzy\u0142o si\u0119 z zadaniami z liczb\u0105 \u03c0 w roli g\u0142\u00f3wnej. Konkurs otworzy\u0142a pani dyrektor Sylwia Nowak \u2013 Miedzi\u0144ska, kt\u00f3ra ciep\u0142o powita\u0142a wszystkich uczestnik\u00f3w i ich opiekun\u00f3w i \u017cyczy\u0142a sukces\u00f3w.<br>Z naszej szko\u0142y do konkursu przyst\u0105pi\u0142o pi\u0119cioro uczni\u00f3w tj. Franciszek Su\u0142kowski \u2013 ucze\u0144 klasy 7A, Lena B\u0105k , Emilia Sterczewska, Maja Szczekocka \u2013 uczennice klasy 8A oraz Dominik Komor \u2013 ucze\u0144 klasy 8B.<br>Do konkursu uczni\u00f3w przygotowywa\u0142y: Ma\u0142gorzata Mesjasz o raz Maria Kopera.<\/p>\n\n\n\n<p>Nasza uczennica <strong>Emilia Starczewska zaj\u0119\u0142a III miejsce<\/strong>. Niestety nie mog\u0142a osobi\u015bci odebra\u0107 nagrody, poniewa\u017c w tym samym dniu razem z kolegami i kole\u017cankami bra\u0142a udzia\u0142 w kolejnym konkursie, tym razem mi\u0119dzypowiatowym w Wieluniu. Gratulujemy Emilce oraz wszystkim uczestnikom konkursu. \u017byczymy dalszych sukces\u00f3w!<\/p>\n\n\n\n<div class=\"wp-block-columns is-layout-flex wp-container-core-columns-is-layout-9d6595d7 wp-block-columns-is-layout-flex\">\n<div class=\"wp-block-column is-layout-flow wp-block-column-is-layout-flow\">\n<figure class=\"wp-block-image size-full\"><img loading=\"lazy\" decoding=\"async\" width=\"1024\" height=\"768\" src=\"https:\/\/zspnowabrzeznica.pl\/wp-content\/uploads\/2025\/05\/2025-05-21_p01.jpg\" alt=\"\" class=\"wp-image-1280\" srcset=\"https:\/\/zspnowabrzeznica.pl\/wp-content\/uploads\/2025\/05\/2025-05-21_p01.jpg 1024w, https:\/\/zspnowabrzeznica.pl\/wp-content\/uploads\/2025\/05\/2025-05-21_p01-300x225.jpg 300w, https:\/\/zspnowabrzeznica.pl\/wp-content\/uploads\/2025\/05\/2025-05-21_p01-768x576.jpg 768w, https:\/\/zspnowabrzeznica.pl\/wp-content\/uploads\/2025\/05\/2025-05-21_p01-24x18.jpg 24w, https:\/\/zspnowabrzeznica.pl\/wp-content\/uploads\/2025\/05\/2025-05-21_p01-36x27.jpg 36w, https:\/\/zspnowabrzeznica.pl\/wp-content\/uploads\/2025\/05\/2025-05-21_p01-70x53.jpg 70w\" sizes=\"auto, (max-width: 1024px) 100vw, 1024px\" \/><\/figure>\n<\/div>\n\n\n\n<div class=\"wp-block-column is-layout-flow wp-block-column-is-layout-flow\">\n<figure class=\"wp-block-image size-full\"><img loading=\"lazy\" decoding=\"async\" width=\"576\" height=\"768\" src=\"https:\/\/zspnowabrzeznica.pl\/wp-content\/uploads\/2025\/05\/2025-05-21_p02.jpg\" alt=\"\" class=\"wp-image-1279\" srcset=\"https:\/\/zspnowabrzeznica.pl\/wp-content\/uploads\/2025\/05\/2025-05-21_p02.jpg 576w, https:\/\/zspnowabrzeznica.pl\/wp-content\/uploads\/2025\/05\/2025-05-21_p02-225x300.jpg 225w, https:\/\/zspnowabrzeznica.pl\/wp-content\/uploads\/2025\/05\/2025-05-21_p02-18x24.jpg 18w, https:\/\/zspnowabrzeznica.pl\/wp-content\/uploads\/2025\/05\/2025-05-21_p02-27x36.jpg 27w, https:\/\/zspnowabrzeznica.pl\/wp-content\/uploads\/2025\/05\/2025-05-21_p02-53x70.jpg 53w\" sizes=\"auto, (max-width: 576px) 100vw, 576px\" \/><\/figure>\n<\/div>\n<\/div>\n","protected":false},"excerpt":{"rendered":"<p>12 marca 2025 r. uczniowie naszej szko\u0142y wzi\u0119li udzia\u0142 w Powiatowym Konkursie Matematycznym \u201eWok\u00f3\u0142 Liczby \u03c0\u201d, kt\u00f3ry odby\u0142 si\u0119 w [&hellip;]<\/p>\n","protected":false},"author":12,"featured_media":1278,"comment_status":"closed","ping_status":"","sticky":false,"template":"","format":"standard","meta":{"ngg_post_thumbnail":0,"footnotes":""},"categories":[3],"tags":[],"class_list":["post-1277","post","type-post","status-publish","format-standard","has-post-thumbnail","hentry","category-psp-w-nowej-brzeznicy"],"_links":{"self":[{"href":"https:\/\/zspnowabrzeznica.pl\/index.php\/wp-json\/wp\/v2\/posts\/1277","targetHints":{"allow":["GET"]}}],"collection":[{"href":"https:\/\/zspnowabrzeznica.pl\/index.php\/wp-json\/wp\/v2\/posts"}],"about":[{"href":"https:\/\/zspnowabrzeznica.pl\/index.php\/wp-json\/wp\/v2\/types\/post"}],"author":[{"embeddable":true,"href":"https:\/\/zspnowabrzeznica.pl\/index.php\/wp-json\/wp\/v2\/users\/12"}],"replies":[{"embeddable":true,"href":"https:\/\/zspnowabrzeznica.pl\/index.php\/wp-json\/wp\/v2\/comments?post=1277"}],"version-history":[{"count":9,"href":"https:\/\/zspnowabrzeznica.pl\/index.php\/wp-json\/wp\/v2\/posts\/1277\/revisions"}],"predecessor-version":[{"id":1289,"href":"https:\/\/zspnowabrzeznica.pl\/index.php\/wp-json\/wp\/v2\/posts\/1277\/revisions\/1289"}],"wp:featuredmedia":[{"embeddable":true,"href":"https:\/\/zspnowabrzeznica.pl\/index.php\/wp-json\/wp\/v2\/media\/1278"}],"wp:attachment":[{"href":"https:\/\/zspnowabrzeznica.pl\/index.php\/wp-json\/wp\/v2\/media?parent=1277"}],"wp:term":[{"taxonomy":"category","embeddable":true,"href":"https:\/\/zspnowabrzeznica.pl\/index.php\/wp-json\/wp\/v2\/categories?post=1277"},{"taxonomy":"post_tag","embeddable":true,"href":"https:\/\/zspnowabrzeznica.pl\/index.php\/wp-json\/wp\/v2\/tags?post=1277"}],"curies":[{"name":"wp","href":"https:\/\/api.w.org\/{rel}","templated":true}]}}