{"id":2510,"date":"2025-10-25T11:55:38","date_gmt":"2025-10-25T11:55:38","guid":{"rendered":"https:\/\/zspnowabrzeznica.pl\/?p=2510"},"modified":"2025-10-25T11:55:38","modified_gmt":"2025-10-25T11:55:38","slug":"wycieczka-do-gminnej-biblioteki-publicznej-w-nowej-brzeznicy","status":"publish","type":"post","link":"https:\/\/zspnowabrzeznica.pl\/index.php\/2025\/10\/25\/wycieczka-do-gminnej-biblioteki-publicznej-w-nowej-brzeznicy\/","title":{"rendered":"Wycieczka do Gminnej Biblioteki Publicznej w Nowej Brze\u017anicy"},"content":{"rendered":"\n<p>Grupa \u201eMumink\u00f3w\u201d z Przedszkola w Nowej Brze\u017anicy wybra\u0142a si\u0119 w dniu 15.10 2025 r. na wycieczk\u0119 do GMINNEJ BIBLIOTEKI PUBLICZNEJ. Dzi\u0119ki uprzejmo\u015bci Pani Patrycji Nowak oraz Pani Agnieszki Psztyr &#8211; starszaki mog\u0142y uczestniczy\u0107 w bardzo interesuj\u0105cych zaj\u0119ciach edukacyjnych, &nbsp;dotycz\u0105cych &nbsp;funkcjonowania biblioteki. Dzieci z wielkim zaciekawieniem s\u0142ucha\u0142y opowie\u015bci i ogl\u0105da\u0142y cenne zbiory dotycz\u0105ce funkcjonowania biblioteki. Panie przeczyta\u0142y nam bajeczk\u0119, a dzieci z uwag\u0105 s\u0142ucha\u0142y przyg\u00f3d pewnych zwierzak\u00f3w. Obejrzeli\u015bmy r\u00f3wnie\u017c film dydaktyczny, kt\u00f3ry swoj\u0105 tre\u015bci\u0105 odpowiedzia\u0142 dzieciom na wiele pyta\u0144.<\/p>\n\n\n\n<p>Panie bibliotekarki przygotowa\u0142y dla nas mn\u00f3stwo ciekawych propozycji zabaw, atrakcji oraz zaprosi\u0142y dzieci do wykonania zak\u0142adek do ksi\u0105\u017cek. Dzieciaki bardzo szybko uwin\u0119\u0142y si\u0119 z wykonaniem zadania. Ka\u017cdy m\u00f3g\u0142 zabra\u0107 swoj\u0105 prac\u0119 do domu.\u00a0Nie zabrak\u0142o r\u00f3wnie\u017c s\u0142odkich chwil, w kt\u00f3rych mogli\u015bmy skosztowa\u0107 przygotowanych przez panie s\u0142odyczy.<\/p>\n\n\n\n<p>Te dwie godziny w bibliotece sp\u0119dzili\u015bmy z wielkim po\u017cytkiem i zaanga\u017cowaniem. Dzieci dowiedzia\u0142y si\u0119, co trzeba zrobi\u0107, aby zapisa\u0107 si\u0119 do biblioteki, by zosta\u0107 czytelnikiem, jakie ksi\u0105\u017cki mo\u017cna wypo\u017cycza\u0107, kt\u00f3re s\u0105 dla dzieci. By\u0142a to dla nas wszystkich bardzo cenna lekcja, mamy nadziej\u0119, \u017ce wkr\u00f3tce \u00a0nasza biblioteka poszerzy si\u0119 o nowych czytelnik\u00f3w.\u00a0<\/p>\n\n\n\n<p>Serdecznie dzi\u0119kujemy pracownikom Gminnej Biblioteki Publicznej za mi\u0142e przyj\u0119cie, a tak\u017ce czas, jaki po\u015bwi\u0119cili nam, t\u0142umacz\u0105c jak wa\u017cne jest czytelnictwo w\u015br\u00f3d dzieci i m\u0142odzie\u017cy.<\/p>\n\n\n\n<div class=\"wp-block-columns is-layout-flex wp-container-core-columns-is-layout-9d6595d7 wp-block-columns-is-layout-flex\">\n<div class=\"wp-block-column is-layout-flow wp-block-column-is-layout-flow\">\n<figure class=\"wp-block-video\"><video height=\"720\" style=\"aspect-ratio: 1280 \/ 720;\" width=\"1280\" controls src=\"https:\/\/zspnowabrzeznica.pl\/wp-content\/uploads\/2025\/10\/video-2025-wycieczkaprzedszkole1.mp4\"><\/video><\/figure>\n<\/div>\n\n\n\n<div class=\"wp-block-column is-layout-flow wp-block-column-is-layout-flow\">\n<figure class=\"wp-block-video\"><video height=\"720\" style=\"aspect-ratio: 1280 \/ 720;\" width=\"1280\" controls src=\"https:\/\/zspnowabrzeznica.pl\/wp-content\/uploads\/2025\/10\/video-2025-wycieczkaprzedszkole2.mp4\"><\/video><\/figure>\n<\/div>\n\n\n\n<div class=\"wp-block-column is-layout-flow wp-block-column-is-layout-flow\">\n<figure class=\"wp-block-video\"><video height=\"720\" style=\"aspect-ratio: 1280 \/ 720;\" width=\"1280\" controls src=\"https:\/\/zspnowabrzeznica.pl\/wp-content\/uploads\/2025\/10\/video-2025-wycieczkaprzedszkole3.mp4\"><\/video><\/figure>\n<\/div>\n<\/div>\n\n\n\nngg_shortcode_0_placeholder\n","protected":false},"excerpt":{"rendered":"<p>Grupa \u201eMumink\u00f3w\u201d z Przedszkola w Nowej Brze\u017anicy wybra\u0142a si\u0119 w dniu 15.10 2025 r. na wycieczk\u0119 do GMINNEJ BIBLIOTEKI PUBLICZNEJ. [&hellip;]<\/p>\n","protected":false},"author":3,"featured_media":2542,"comment_status":"closed","ping_status":"","sticky":false,"template":"","format":"standard","meta":{"ngg_post_thumbnail":0,"footnotes":""},"categories":[4],"tags":[],"class_list":["post-2510","post","type-post","status-publish","format-standard","has-post-thumbnail","hentry","category-przedszkole-w-nowej-brzeznicy"],"_links":{"self":[{"href":"https:\/\/zspnowabrzeznica.pl\/index.php\/wp-json\/wp\/v2\/posts\/2510","targetHints":{"allow":["GET"]}}],"collection":[{"href":"https:\/\/zspnowabrzeznica.pl\/index.php\/wp-json\/wp\/v2\/posts"}],"about":[{"href":"https:\/\/zspnowabrzeznica.pl\/index.php\/wp-json\/wp\/v2\/types\/post"}],"author":[{"embeddable":true,"href":"https:\/\/zspnowabrzeznica.pl\/index.php\/wp-json\/wp\/v2\/users\/3"}],"replies":[{"embeddable":true,"href":"https:\/\/zspnowabrzeznica.pl\/index.php\/wp-json\/wp\/v2\/comments?post=2510"}],"version-history":[{"count":1,"href":"https:\/\/zspnowabrzeznica.pl\/index.php\/wp-json\/wp\/v2\/posts\/2510\/revisions"}],"predecessor-version":[{"id":2543,"href":"https:\/\/zspnowabrzeznica.pl\/index.php\/wp-json\/wp\/v2\/posts\/2510\/revisions\/2543"}],"wp:featuredmedia":[{"embeddable":true,"href":"https:\/\/zspnowabrzeznica.pl\/index.php\/wp-json\/wp\/v2\/media\/2542"}],"wp:attachment":[{"href":"https:\/\/zspnowabrzeznica.pl\/index.php\/wp-json\/wp\/v2\/media?parent=2510"}],"wp:term":[{"taxonomy":"category","embeddable":true,"href":"https:\/\/zspnowabrzeznica.pl\/index.php\/wp-json\/wp\/v2\/categories?post=2510"},{"taxonomy":"post_tag","embeddable":true,"href":"https:\/\/zspnowabrzeznica.pl\/index.php\/wp-json\/wp\/v2\/tags?post=2510"}],"curies":[{"name":"wp","href":"https:\/\/api.w.org\/{rel}","templated":true}]}}