{"id":2553,"date":"2025-10-26T14:56:57","date_gmt":"2025-10-26T14:56:57","guid":{"rendered":"https:\/\/zspnowabrzeznica.pl\/?p=2553"},"modified":"2025-10-26T17:15:27","modified_gmt":"2025-10-26T17:15:27","slug":"dzien-edukacji-narodowej-relacja-filmowa-czesc-1","status":"publish","type":"post","link":"https:\/\/zspnowabrzeznica.pl\/index.php\/2025\/10\/26\/dzien-edukacji-narodowej-relacja-filmowa-czesc-1\/","title":{"rendered":"Dzie\u0144 Edukacji Narodowej \u2013 relacja filmowa (cz\u0119\u015b\u0107 1)"},"content":{"rendered":"\n<p>21 pa\u017adziernika 2025 r. w hali sportowej w Nowej Brze\u017anicy odby\u0142a si\u0119 uroczysta akademia z okazji Dnia Edukacji Narodowej po\u0142\u0105czona z pasowaniem na ucznia szko\u0142y podstawowej. Swoj\u0105 obecno\u015bci\u0105 zaszczycili nas przedstawiciele Urz\u0119du Gminy w Nowej Brze\u017anicy na czele z W\u00f3jtem Gminy \u2013 panem Tomaszem Dygasiem oraz emerytowani nauczyciele, kt\u00f3rzy pracowali w szko\u0142ach na terenie naszej gminy. Zapraszamy do obejrzenia pierwszej cz\u0119\u015bci relacji z tego wydarzenia.<\/p>\n\n\n\n<figure class=\"wp-block-video\"><video controls poster=\"https:\/\/zspnowabrzeznica.pl\/wp-content\/uploads\/2025\/10\/video-2025-den1-thumb.jpg\" src=\"https:\/\/zspnowabrzeznica.pl\/video\/video-2025-den1.mp4\"><\/video><\/figure>\n\n\n\n<p><em>Realizacja nagrania: Marcin Kmie\u0107<\/em><\/p>\n","protected":false},"excerpt":{"rendered":"<p>21 pa\u017adziernika 2025 r. w hali sportowej w Nowej Brze\u017anicy odby\u0142a si\u0119 uroczysta akademia z okazji Dnia Edukacji Narodowej po\u0142\u0105czona [&hellip;]<\/p>\n","protected":false},"author":2,"featured_media":2556,"comment_status":"closed","ping_status":"","sticky":false,"template":"","format":"standard","meta":{"ngg_post_thumbnail":0,"footnotes":""},"categories":[3],"tags":[],"class_list":["post-2553","post","type-post","status-publish","format-standard","has-post-thumbnail","hentry","category-psp-w-nowej-brzeznicy"],"_links":{"self":[{"href":"https:\/\/zspnowabrzeznica.pl\/index.php\/wp-json\/wp\/v2\/posts\/2553","targetHints":{"allow":["GET"]}}],"collection":[{"href":"https:\/\/zspnowabrzeznica.pl\/index.php\/wp-json\/wp\/v2\/posts"}],"about":[{"href":"https:\/\/zspnowabrzeznica.pl\/index.php\/wp-json\/wp\/v2\/types\/post"}],"author":[{"embeddable":true,"href":"https:\/\/zspnowabrzeznica.pl\/index.php\/wp-json\/wp\/v2\/users\/2"}],"replies":[{"embeddable":true,"href":"https:\/\/zspnowabrzeznica.pl\/index.php\/wp-json\/wp\/v2\/comments?post=2553"}],"version-history":[{"count":3,"href":"https:\/\/zspnowabrzeznica.pl\/index.php\/wp-json\/wp\/v2\/posts\/2553\/revisions"}],"predecessor-version":[{"id":2558,"href":"https:\/\/zspnowabrzeznica.pl\/index.php\/wp-json\/wp\/v2\/posts\/2553\/revisions\/2558"}],"wp:featuredmedia":[{"embeddable":true,"href":"https:\/\/zspnowabrzeznica.pl\/index.php\/wp-json\/wp\/v2\/media\/2556"}],"wp:attachment":[{"href":"https:\/\/zspnowabrzeznica.pl\/index.php\/wp-json\/wp\/v2\/media?parent=2553"}],"wp:term":[{"taxonomy":"category","embeddable":true,"href":"https:\/\/zspnowabrzeznica.pl\/index.php\/wp-json\/wp\/v2\/categories?post=2553"},{"taxonomy":"post_tag","embeddable":true,"href":"https:\/\/zspnowabrzeznica.pl\/index.php\/wp-json\/wp\/v2\/tags?post=2553"}],"curies":[{"name":"wp","href":"https:\/\/api.w.org\/{rel}","templated":true}]}}