{"id":2745,"date":"2025-11-11T18:40:18","date_gmt":"2025-11-11T18:40:18","guid":{"rendered":"https:\/\/zspnowabrzeznica.pl\/?p=2745"},"modified":"2025-11-11T18:41:28","modified_gmt":"2025-11-11T18:41:28","slug":"swieto-dyni-w-grupie-muminki","status":"publish","type":"post","link":"https:\/\/zspnowabrzeznica.pl\/index.php\/2025\/11\/11\/swieto-dyni-w-grupie-muminki\/","title":{"rendered":"\u015awi\u0119to Dyni w grupie &#8222;Muminki&#8221;"},"content":{"rendered":"\n<p>Pa\u017adziernik w przedszkolu to jesienny miesi\u0105c, up\u0142ywaj\u0105cy pod znakiem dyni. Ju\u017c na kilka dni wcze\u015bniej sal\u0119 zamieniaj\u0105 si\u0119 w pomara\u0144czowe kr\u00f3lestwa, a dzieci z niecierpliwo\u015bci\u0105 czekaj\u0105 na spotkanie ze swoj\u0105 ulubion\u0105 jesienn\u0105 bohaterk\u0105.<\/p>\n\n\n\n<p>Dzie\u0144 Dyni ju\u017c od dawna zyska\u0142 ogromn\u0105 popularno\u015b\u0107 w naszym przedszkolu &#8211; czasem jako bardziej radosna alternatywa dla Halloween, bez strasznych element\u00f3w, za to pe\u0142na jesiennego ciep\u0142a i przytulno\u015bci.<\/p>\n\n\n\n<p>Dzie\u0144 Dyni to wsp\u00f3\u0142czesne \u015bwi\u0119to jesieni, kt\u00f3re \u0142\u0105czy tradycj\u0119 zbior\u00f3w warzyw z zabaw\u0105 i edukacj\u0105. Dzieci kochaj\u0105 dyni\u0119 z prostego powodu &#8211; ma wymarzony kszta\u0142t do zabawy. Zazwyczaj pomara\u0144czowa, okr\u0105g\u0142a przypomina u\u015bmiechni\u0119t\u0105 buzi\u0119. Mo\u017cna j\u0105 dotyka\u0107, w\u0105cha\u0107, a nawet jej spr\u00f3bowa\u0107 jako zupa &#8211; krem lub ciasto. To warzywo anga\u017cuje wszystkie nasze zmys\u0142y!<\/p>\n\n\n\n<p>Przez kilka dni gromadzili\u015bmy w naszym k\u0105ciku dynie: ma\u0142e, du\u017ce, pomara\u0144czowe, szare, bia\u0142e, okr\u0105g\u0142e i pod\u0142u\u017cne\u2026 troch\u0119 ich by\u0142o. Inspiracj\u0105 do \u00a0\u015bwi\u0119towania tego dnia by\u0142a wycieczka do najwi\u0119kszej farmy dyniowej \u201eDobronianka\u201d, kt\u00f3ra zdecydowanie nas urzek\u0142a!<\/p>\n\n\n\n<p>Dynia stanowi idealny materia\u0142 do przeprowadzenia zaj\u0119\u0107 sensorycznych, dlatego nasze sta\u0142y si\u0119 materia\u0142em badawczym. Dzieci pozna\u0142y struktur\u0119 mi\u0105\u017cszu, liczy\u0142y pestki, por\u00f3wnywa\u0142y rozmiary i kszta\u0142ty r\u00f3\u017cnych odmian, zaanga\u017cowa\u0142y si\u0119 w metamorfoz\u0119 przedszkolnej sali, kt\u00f3ra swym wygl\u0105dem przynios\u0142a spektakularne efekty. Dzieci tworzy\u0142y dekoracje sali, sta\u0142y si\u0119 wsp\u00f3\u0142tw\u00f3rcami jesiennej magii oraz z ogromnym entuzjazmem uczestniczy\u0142y w obchodach. Podczas zaj\u0119\u0107 dydaktycznych 6-latki wsp\u00f3lnie wykleja\u0142y kulkami z bibu\u0142y du\u017cy kontur dyni, kt\u00f3ra po wyko\u0144czeniu zawis\u0142a w przedszkolnym korytarzu &#8211; na wystawie dla rodzic\u00f3w.<\/p>\n\n\n\n<p>Dzieci poprzez te zaj\u0119cia rozwijaj\u0105 logiczne my\u015blenie, kreatywno\u015b\u0107 oraz sprawno\u015b\u0107 manualn\u0105.<\/p>\n\n\n\nngg_shortcode_0_placeholder\n","protected":false},"excerpt":{"rendered":"<p>Pa\u017adziernik w przedszkolu to jesienny miesi\u0105c, up\u0142ywaj\u0105cy pod znakiem dyni. Ju\u017c na kilka dni wcze\u015bniej sal\u0119 zamieniaj\u0105 si\u0119 w pomara\u0144czowe [&hellip;]<\/p>\n","protected":false},"author":3,"featured_media":2746,"comment_status":"closed","ping_status":"","sticky":false,"template":"","format":"standard","meta":{"ngg_post_thumbnail":0,"footnotes":""},"categories":[4],"tags":[],"class_list":["post-2745","post","type-post","status-publish","format-standard","has-post-thumbnail","hentry","category-przedszkole-w-nowej-brzeznicy"],"_links":{"self":[{"href":"https:\/\/zspnowabrzeznica.pl\/index.php\/wp-json\/wp\/v2\/posts\/2745","targetHints":{"allow":["GET"]}}],"collection":[{"href":"https:\/\/zspnowabrzeznica.pl\/index.php\/wp-json\/wp\/v2\/posts"}],"about":[{"href":"https:\/\/zspnowabrzeznica.pl\/index.php\/wp-json\/wp\/v2\/types\/post"}],"author":[{"embeddable":true,"href":"https:\/\/zspnowabrzeznica.pl\/index.php\/wp-json\/wp\/v2\/users\/3"}],"replies":[{"embeddable":true,"href":"https:\/\/zspnowabrzeznica.pl\/index.php\/wp-json\/wp\/v2\/comments?post=2745"}],"version-history":[{"count":3,"href":"https:\/\/zspnowabrzeznica.pl\/index.php\/wp-json\/wp\/v2\/posts\/2745\/revisions"}],"predecessor-version":[{"id":2800,"href":"https:\/\/zspnowabrzeznica.pl\/index.php\/wp-json\/wp\/v2\/posts\/2745\/revisions\/2800"}],"wp:featuredmedia":[{"embeddable":true,"href":"https:\/\/zspnowabrzeznica.pl\/index.php\/wp-json\/wp\/v2\/media\/2746"}],"wp:attachment":[{"href":"https:\/\/zspnowabrzeznica.pl\/index.php\/wp-json\/wp\/v2\/media?parent=2745"}],"wp:term":[{"taxonomy":"category","embeddable":true,"href":"https:\/\/zspnowabrzeznica.pl\/index.php\/wp-json\/wp\/v2\/categories?post=2745"},{"taxonomy":"post_tag","embeddable":true,"href":"https:\/\/zspnowabrzeznica.pl\/index.php\/wp-json\/wp\/v2\/tags?post=2745"}],"curies":[{"name":"wp","href":"https:\/\/api.w.org\/{rel}","templated":true}]}}