{"id":3352,"date":"2025-12-12T12:43:15","date_gmt":"2025-12-12T12:43:15","guid":{"rendered":"https:\/\/zspnowabrzeznica.pl\/?p=3352"},"modified":"2025-12-12T12:53:12","modified_gmt":"2025-12-12T12:53:12","slug":"mikolajki-w-hula-kula","status":"publish","type":"post","link":"https:\/\/zspnowabrzeznica.pl\/index.php\/2025\/12\/12\/mikolajki-w-hula-kula\/","title":{"rendered":"Miko\u0142ajki w Hula Kula!"},"content":{"rendered":"\n<p>W tym roku z okazji Miko\u0142ajek przedszkolaki z Oddzia\u0142u Przedszkolnego w Prusicku&nbsp; uczestniczy\u0142y w wycieczce do Sali zabaw Hula Kula w R\u0119dzinach, gdzie spotka\u0142y si\u0119 z \u015awi\u0119tym Miko\u0142ajem.&nbsp;<\/p>\n\n\n\n<p>Oczekuj\u0105c na d\u0142ugo upragnionego go\u015bcia dzieci&nbsp; uczestniczy\u0142y w zabawach ruchowych, konkursach i ta\u0144cach przygotowanych przez animator\u00f3w. Po zako\u0144czonej zabawie dzieci&nbsp; us\u0142ysza\u0142y d\u017awi\u0119k dzwoneczk\u00f3w,&nbsp; \u015bwiadczy\u0142o to o tym, \u017ce zbli\u017ca si\u0119 do nich nikt inny jak \u015awi\u0119ty Miko\u0142aj. Dzieci by\u0142y bardzo szcz\u0119\u015bliwe, rozpromienione, a kiedy znalaz\u0142y si\u0119 na kolanach \u015awi\u0119tego Miko\u0142aja troch\u0119 zawstydzone. Opr\u00f3cz pe\u0142nego prezent\u00f3w worka \u015awi\u0119ty Miko\u0142aj przywi\u00f3z\u0142 ze sob\u0105 du\u017co u\u015bmiechu. Rozmawiaj\u0105c z dzie\u0107mi, zach\u0119ca\u0142 je do tego, by by\u0142y grzeczne, s\u0142ucha\u0142y rodzic\u00f3w i pa\u0144 w przedszkolu.&nbsp;<\/p>\n\n\n\n<p>Na zako\u0144czenie \u015awi\u0119ty Miko\u0142aj wr\u0119czy\u0142 wszystkim przedszkolakom paczki.&nbsp;<\/p>\n\n\n\n<p>Oczekiwane przez ca\u0142y rok spotkanie z \u015awi\u0119tym Miko\u0142ajem up\u0142yn\u0119\u0142o w bardzo mi\u0142ej atmosferze i przynios\u0142o naszym przedszkolakom wiele rado\u015bci.&nbsp;<\/p>\n\n\n\n<p>Miko\u0142ajki w formie wyjazdowej zorganizowali Rodzice. Dzi\u0119kujemy!!!<\/p>\n\n\n\n<p><em>Beata S\u0142omczy\u0144ska<\/em><\/p>\n\n\n\n<p><em>Agnieszka B\u0142aszczyk<\/em><\/p>\n\n\n\nngg_shortcode_0_placeholder\n","protected":false},"excerpt":{"rendered":"<p>W tym roku z okazji Miko\u0142ajek przedszkolaki z Oddzia\u0142u Przedszkolnego w Prusicku&nbsp; uczestniczy\u0142y w wycieczce do Sali zabaw Hula Kula [&hellip;]<\/p>\n","protected":false},"author":23,"featured_media":3377,"comment_status":"closed","ping_status":"","sticky":false,"template":"","format":"standard","meta":{"ngg_post_thumbnail":0,"footnotes":""},"categories":[6],"tags":[],"class_list":["post-3352","post","type-post","status-publish","format-standard","has-post-thumbnail","hentry","category-filia-prusicko"],"_links":{"self":[{"href":"https:\/\/zspnowabrzeznica.pl\/index.php\/wp-json\/wp\/v2\/posts\/3352","targetHints":{"allow":["GET"]}}],"collection":[{"href":"https:\/\/zspnowabrzeznica.pl\/index.php\/wp-json\/wp\/v2\/posts"}],"about":[{"href":"https:\/\/zspnowabrzeznica.pl\/index.php\/wp-json\/wp\/v2\/types\/post"}],"author":[{"embeddable":true,"href":"https:\/\/zspnowabrzeznica.pl\/index.php\/wp-json\/wp\/v2\/users\/23"}],"replies":[{"embeddable":true,"href":"https:\/\/zspnowabrzeznica.pl\/index.php\/wp-json\/wp\/v2\/comments?post=3352"}],"version-history":[{"count":2,"href":"https:\/\/zspnowabrzeznica.pl\/index.php\/wp-json\/wp\/v2\/posts\/3352\/revisions"}],"predecessor-version":[{"id":3375,"href":"https:\/\/zspnowabrzeznica.pl\/index.php\/wp-json\/wp\/v2\/posts\/3352\/revisions\/3375"}],"wp:featuredmedia":[{"embeddable":true,"href":"https:\/\/zspnowabrzeznica.pl\/index.php\/wp-json\/wp\/v2\/media\/3377"}],"wp:attachment":[{"href":"https:\/\/zspnowabrzeznica.pl\/index.php\/wp-json\/wp\/v2\/media?parent=3352"}],"wp:term":[{"taxonomy":"category","embeddable":true,"href":"https:\/\/zspnowabrzeznica.pl\/index.php\/wp-json\/wp\/v2\/categories?post=3352"},{"taxonomy":"post_tag","embeddable":true,"href":"https:\/\/zspnowabrzeznica.pl\/index.php\/wp-json\/wp\/v2\/tags?post=3352"}],"curies":[{"name":"wp","href":"https:\/\/api.w.org\/{rel}","templated":true}]}}