{"id":4092,"date":"2026-03-08T16:03:47","date_gmt":"2026-03-08T16:03:47","guid":{"rendered":"https:\/\/zspnowabrzeznica.pl\/?p=4092"},"modified":"2026-03-08T16:04:22","modified_gmt":"2026-03-08T16:04:22","slug":"bal-karnawalowy-w-przedszkolu","status":"publish","type":"post","link":"https:\/\/zspnowabrzeznica.pl\/index.php\/2026\/03\/08\/bal-karnawalowy-w-przedszkolu\/","title":{"rendered":"Bal karnawa\u0142owy w Przedszkolu w Nowej Brze\u017anicy"},"content":{"rendered":"\n<p>Karnawa\u0142 to bardzo mi\u0142a tradycja, czas balu, przepe\u0142nionego muzyk\u0105 i zabaw\u0105. 16 lutego b.r. w naszym przedszkolu odby\u0142 si\u0119 bal karnawa\u0142owy, podczas kt\u00f3rego trwania dzieci mia\u0142y okazj\u0119 do wsp\u00f3lnej integracji. Dla przedszkolak\u00f3w to dzie\u0144 szczeg\u00f3lny, cz\u0119sto wyczekiwany przez wiele tygodni. Dzieciaki mia\u0142y okazj\u0119 wcieli\u0107 si\u0119 w r\u00f3\u017cne postacie z bajek i nie tylko. Na balu mo\u017cna by\u0142o spotka\u0107: wr\u00f3\u017cki, biedronki, pszcz\u00f3\u0142ki, Batman\u00f3w, pirat\u00f3w, skrzat\u00f3w, rycerzy oraz policjant\u00f3w.<br>Wszyscy bawili si\u0119 \u015bwietnie, uczestnicz\u0105c w r\u00f3\u017cnych animacjach, przygotowanych przez panie animatorki zabaw. By\u0142y zabawy sprawno\u015bciowe, sportowe, taneczne i konkursy. W nagrod\u0119 wsp\u00f3lnych pl\u0105s\u00f3w i zabaw, dzieci otrzyma\u0142y balony w kszta\u0142tach zwierz\u0105tek. Rodzice przygotowali dla dzieci s\u0142odki pocz\u0119stunek, przeplatany podczas muzycznych ta\u0144c\u00f3w, kt\u00f3rym towarzyszy\u0142a skoczna i rytmiczna muzyka.<br>By\u0142a wielka rado\u015b\u0107, \u015bmiech i spontaniczna aktywno\u015b\u0107. Ca\u0142ej imprezie towarzyszy\u0142a mi\u0142a i radosna atmosfera, bal dostarczy\u0142 dzieciom pozytywnych emocji i niezapomnianych wra\u017ce\u0144, co wida\u0107 na poni\u017cszych zdj\u0119ciach.<br>Serdeczne podzi\u0119kowania sk\u0142adamy Rodzicom oraz wszystkim tym, kt\u00f3rzy pomogli w jego organizacji.<\/p>\n\n\n\nngg_shortcode_0_placeholder\n","protected":false},"excerpt":{"rendered":"<p>Karnawa\u0142 to bardzo mi\u0142a tradycja, czas balu, przepe\u0142nionego muzyk\u0105 i zabaw\u0105. 16 lutego b.r. w naszym przedszkolu odby\u0142 si\u0119 bal [&hellip;]<\/p>\n","protected":false},"author":3,"featured_media":4131,"comment_status":"closed","ping_status":"","sticky":false,"template":"","format":"standard","meta":{"ngg_post_thumbnail":0,"footnotes":""},"categories":[4],"tags":[],"class_list":["post-4092","post","type-post","status-publish","format-standard","has-post-thumbnail","hentry","category-przedszkole-w-nowej-brzeznicy"],"_links":{"self":[{"href":"https:\/\/zspnowabrzeznica.pl\/index.php\/wp-json\/wp\/v2\/posts\/4092","targetHints":{"allow":["GET"]}}],"collection":[{"href":"https:\/\/zspnowabrzeznica.pl\/index.php\/wp-json\/wp\/v2\/posts"}],"about":[{"href":"https:\/\/zspnowabrzeznica.pl\/index.php\/wp-json\/wp\/v2\/types\/post"}],"author":[{"embeddable":true,"href":"https:\/\/zspnowabrzeznica.pl\/index.php\/wp-json\/wp\/v2\/users\/3"}],"replies":[{"embeddable":true,"href":"https:\/\/zspnowabrzeznica.pl\/index.php\/wp-json\/wp\/v2\/comments?post=4092"}],"version-history":[{"count":2,"href":"https:\/\/zspnowabrzeznica.pl\/index.php\/wp-json\/wp\/v2\/posts\/4092\/revisions"}],"predecessor-version":[{"id":4133,"href":"https:\/\/zspnowabrzeznica.pl\/index.php\/wp-json\/wp\/v2\/posts\/4092\/revisions\/4133"}],"wp:featuredmedia":[{"embeddable":true,"href":"https:\/\/zspnowabrzeznica.pl\/index.php\/wp-json\/wp\/v2\/media\/4131"}],"wp:attachment":[{"href":"https:\/\/zspnowabrzeznica.pl\/index.php\/wp-json\/wp\/v2\/media?parent=4092"}],"wp:term":[{"taxonomy":"category","embeddable":true,"href":"https:\/\/zspnowabrzeznica.pl\/index.php\/wp-json\/wp\/v2\/categories?post=4092"},{"taxonomy":"post_tag","embeddable":true,"href":"https:\/\/zspnowabrzeznica.pl\/index.php\/wp-json\/wp\/v2\/tags?post=4092"}],"curies":[{"name":"wp","href":"https:\/\/api.w.org\/{rel}","templated":true}]}}