{"id":4384,"date":"2026-04-24T12:05:08","date_gmt":"2026-04-24T12:05:08","guid":{"rendered":"https:\/\/zspnowabrzeznica.pl\/?p=4384"},"modified":"2026-04-24T12:05:08","modified_gmt":"2026-04-24T12:05:08","slug":"w-oczekiwaniu-na-swieta","status":"publish","type":"post","link":"https:\/\/zspnowabrzeznica.pl\/index.php\/2026\/04\/24\/w-oczekiwaniu-na-swieta\/","title":{"rendered":"W oczekiwaniu na \u015bwi\u0119ta&#8230;"},"content":{"rendered":"\n<p>\u00a027 marca odby\u0142y si\u0119 zaj\u0119cia dydaktyczno-wychowawcze w grupie 6-latk\u00f3w. Tematem zaj\u0119\u0107 by\u0142o poznawanie i podtrzymywanie tradycji wielkanocnych w\u015br\u00f3d najstarszych przedszkolak\u00f3w. Zaj\u0119cia obserwowa\u0142a wicedyrektor ZSP w Nowej Brze\u017anicy &#8211; Pani Iwona Wawrowicz.<\/p>\n\n\n\n<p>Kiedy ju\u017c wszystko by\u0142o gotowe, grzecznie czekali\u015bmy, a\u017c nagle KTO\u015a zapuka\u0142 do drzwi! To Pani Wiosna do nas przyby\u0142a, w\u0142a\u015bnie Ta, kt\u00f3r\u0105 dzieci wcze\u015bniej wita\u0142y. Przysz\u0142a do przedszkola z pe\u0142nym koszem wiosennych kwiat\u00f3w, wiosennych symboli oraz zagadek, kt\u00f3re dzieci uwielbiaj\u0105. Zaprosi\u0142a wszystkich do zabawy muzyczno-ruchowej przy d\u017awi\u0119kach wiosennych piosenek \u201eWiosna puka dzi\u015b do drzwi\u201d, \u201eWielkanocny st\u00f3\u0142\u201d, \u201eMa\u0142e kr\u00f3liczki\u201d.<\/p>\n\n\n\n<p>Nast\u0119pnie prosi\u0142a dzieci, by losowa\u0142y karteczki z zagadkami, m\u00f3wi\u0142a o wierszu G. Koby &#8211; ,,Pisanki\u201d. Dzieci uzupe\u0142nia\u0142y brakuj\u0105ce produkty do koszyczka wielkanocnego. Jest on zazwyczaj wiklinowy, wy\u015bcielany bia\u0142\u0105 serwet\u0105 i przyozdobiony zielonym bukszpanem, kt\u00f3ry jest symbolem nadziei na zmartwychwstanie. \u015awi\u0119conka powinna sk\u0142ada\u0107 si\u0119 z siedmiu element\u00f3w. Wedle tradycji &#8211; mia\u0142o to zapewni\u0107 szcz\u0119\u015bcie i dostatek. Dzieci pami\u0119ta\u0142y o tradycji oblewania si\u0119 wod\u0105 &#8211; ,,\u015amigus-Dyngus\u201d. W czasie zabaw delikatnie pryska\u0142y \u015bmiguskami.\u00a0<\/p>\n\n\n\n<p>6-latki czyta\u0142y napisy, wyrazy, umieszczone na tablicy, dziel\u0105c s\u0142owa i wyrazy na g\u0142oski i sylaby. Przelicza\u0142y je, a tak\u017ce powsta\u0142e z nich wyrazy. Bawi\u0142y si\u0119 w zabaw\u0119 ruchow\u0105 do piosenki pt. \u201eZaj\u0105c d\u0142ugie uszy ma\u201d, a nast\u0119pnie\u00a0Pani Wiosna zabra\u0142a wszystkich do stoliczk\u00f3w, aby kreatywnie popracowa\u0107.\u00a0<\/p>\n\n\n\n<p>Wsp\u00f3lnie pomalowali\u015bmy pisanki, jajka i zaj\u0105czki. Ka\u017cdy m\u00f3g\u0142 si\u0119 tutaj wykaza\u0107 wielk\u0105 wyobra\u017ani\u0105, pomys\u0142em na najciekawsze prace, kt\u00f3re mo\u017cna\u00a0podziwia\u0107 na wystawce prac w korytarzu.\u00a0 Na zako\u0144czenie, ka\u017cdy dosta\u0142 kreatywnego zaj\u0105czka z jajeczkami.\u00a0<\/p>\n\n\n\n<p>Tego dnia wszyscy bawili\u015bmy si\u0119 znakomicie. Zaj\u0119cia mia\u0142y na celu: zapoznanie dzieci ze zwyczajem malowania jajek, tworzenie ozd\u00f3b wielkanocnych w oparciu o wiersze, piosenki i zagadki, nazywanie symboli \u015bwi\u0105tecznych, utrwalenie umiej\u0119tno\u015bci czytania prostych wyraz\u00f3w, rozwijanie spostrzegawczo\u015bci, logicznego my\u015blenia.<\/p>\n\n\n\n<p>Serdecznie dzi\u0119kuj\u0119 dzieciom za spontaniczn\u0105 zabaw\u0119 oraz dostarczenie nam wszystkim tak pi\u0119knych emocji, zwi\u0105zanych z nadchodz\u0105cymi \u015bwi\u0119tami. Dzi\u0119kujemy tak\u017ce wicedyrektor &#8211; Pani Iwonie Wawrowicz za wsp\u00f3ln\u0105 zabaw\u0119.<\/p>\n\n\n\nngg_shortcode_0_placeholder\n","protected":false},"excerpt":{"rendered":"<p>\u00a027 marca odby\u0142y si\u0119 zaj\u0119cia dydaktyczno-wychowawcze w grupie 6-latk\u00f3w. Tematem zaj\u0119\u0107 by\u0142o poznawanie i podtrzymywanie tradycji wielkanocnych w\u015br\u00f3d najstarszych przedszkolak\u00f3w. [&hellip;]<\/p>\n","protected":false},"author":3,"featured_media":4385,"comment_status":"closed","ping_status":"","sticky":false,"template":"","format":"standard","meta":{"ngg_post_thumbnail":0,"footnotes":""},"categories":[4],"tags":[],"class_list":["post-4384","post","type-post","status-publish","format-standard","has-post-thumbnail","hentry","category-przedszkole-w-nowej-brzeznicy"],"_links":{"self":[{"href":"https:\/\/zspnowabrzeznica.pl\/index.php\/wp-json\/wp\/v2\/posts\/4384","targetHints":{"allow":["GET"]}}],"collection":[{"href":"https:\/\/zspnowabrzeznica.pl\/index.php\/wp-json\/wp\/v2\/posts"}],"about":[{"href":"https:\/\/zspnowabrzeznica.pl\/index.php\/wp-json\/wp\/v2\/types\/post"}],"author":[{"embeddable":true,"href":"https:\/\/zspnowabrzeznica.pl\/index.php\/wp-json\/wp\/v2\/users\/3"}],"replies":[{"embeddable":true,"href":"https:\/\/zspnowabrzeznica.pl\/index.php\/wp-json\/wp\/v2\/comments?post=4384"}],"version-history":[{"count":1,"href":"https:\/\/zspnowabrzeznica.pl\/index.php\/wp-json\/wp\/v2\/posts\/4384\/revisions"}],"predecessor-version":[{"id":4411,"href":"https:\/\/zspnowabrzeznica.pl\/index.php\/wp-json\/wp\/v2\/posts\/4384\/revisions\/4411"}],"wp:featuredmedia":[{"embeddable":true,"href":"https:\/\/zspnowabrzeznica.pl\/index.php\/wp-json\/wp\/v2\/media\/4385"}],"wp:attachment":[{"href":"https:\/\/zspnowabrzeznica.pl\/index.php\/wp-json\/wp\/v2\/media?parent=4384"}],"wp:term":[{"taxonomy":"category","embeddable":true,"href":"https:\/\/zspnowabrzeznica.pl\/index.php\/wp-json\/wp\/v2\/categories?post=4384"},{"taxonomy":"post_tag","embeddable":true,"href":"https:\/\/zspnowabrzeznica.pl\/index.php\/wp-json\/wp\/v2\/tags?post=4384"}],"curies":[{"name":"wp","href":"https:\/\/api.w.org\/{rel}","templated":true}]}}